{"id":993,"date":"2015-02-26T09:26:33","date_gmt":"2015-02-26T09:26:33","guid":{"rendered":"http:\/\/www.pruebas.promocion3d.com\/noticia-3-2\/"},"modified":"2017-05-25T07:10:45","modified_gmt":"2017-05-25T07:10:45","slug":"noticia-3","status":"publish","type":"post","link":"http:\/\/www.fincasmoles.com\/en\/noticia-3\/","title":{"rendered":"SUBVENCI\u00d3N A LA REHABILITACI\u00d3N"},"content":{"rendered":"<p><strong>Convocatoria 2014: Prorrogada la convocatoria al 2015<\/strong><\/p>\n<p><span style=\"text-decoration: underline;\"><em>Publicaci\u00f3n de la convocatoria en el BOPB del 11 de julio de 2.014.<\/em><\/span><\/p>\n<p><span style=\"text-decoration: underline;\"><em>Presentaci\u00f3n de solicitudes<\/em><\/span>:\u00a0del 12 de julio de 2014 hasta el 31 de diciembre de 2015, incluidos<\/p>\n<p style=\"text-align: justify;\">El Consorci de l&#8217;Habitatge de Barcelona establece un programa de ayudas econ\u00f3micas para la rehabilitaci\u00f3n de los edificios de uso residencial y de viviendas para la ciudad de Barcelona dirigidas a las comunidades de propietarios y propietarios de edificios de uso residencial para la rehabilitaci\u00f3n de elementos comunitarios y viviendas deribadas del programa de mediaci\u00f3n entre propietarios e inquilinos con el objetivo de fomentar la rehabilitaci\u00f3n del parque existente de viviendas de Barcelona, con especial atenci\u00f3n a las obras d erehabilitaci\u00f3n energ\u00e9tica. \u00a0<\/p>\n<p style=\"text-align: justify;\">Se han establecido unos <strong>programas prioritarios<\/strong>:\u00a0<\/p>\n<ul style=\"text-align: justify;\">\n<li><strong>Rehabilitaci\u00f3n energ\u00e9tica:<\/strong>\u00a0reducci\u00f3n del consumo y mejora de la eficiencia energ\u00e9tica de los edificios\n<ul>\n<li>Fachadas, cubiertas, medianeras y patios\u00a0<\/li>\n<li>Cubiertas ajardinadas<\/li>\n<li>Instalaci\u00f3n de agua caliente sanitaria mediante energ\u00eda solar<\/li>\n<li>Puesta en marcha de placas solares obsoletas<\/li>\n<li>Agua directa sanitaria.<\/li>\n<li>Centralizaci\u00f3n de instalaciones y sustituci\u00f3n de servicios de suministros para ser m\u00e1s eficientes. \u00a0<\/li>\n<\/ul>\n<\/li>\n<li><strong>Accesibilidad:<\/strong>\u00a0instalaci\u00f3n de ascensores en edificios que no dispongan y supresi\u00f3n de barreras arquitect\u00f3nicas en vest\u00edbulos y escaleras. i<\/li>\n<li><strong>Patolog\u00edas estructurales:<\/strong> obras para la reparaci\u00f3n de patolog\u00edas estructurales en edificios.<\/li>\n<li><strong>Rehabilitaci\u00f3n arquitect\u00f3nica de elementos comunes.<\/strong>\u00a0escalera y vest\u00edbulos, patios, instalaciones en general comunes como red sanitaria (renovaci\u00f3n de bajantes), de agua corriente, el\u00e9ctrica, de gas, ordenaci\u00f3n de antenas, aparatos de aire acondicionado, etc.\u00a0<\/li>\n<\/ul>\n<p style=\"text-align: justify;\">Para beneficiarse de la subvenci\u00f3n tendr\u00e1n que cumplirse los <strong>siguientes requisitos<\/strong>:<\/p>\n<ul>\n<li style=\"text-align: justify;\">Edificios <strong>anteriores al a\u00f1o 1.981<\/strong>, destinados mayoritariamente a vivienda, excepto para obras de mejora en la accesibilidad y para actuaciones de eficiencia energ\u00e9tica. \u00a0<\/li>\n<li style=\"text-align: justify;\">El acuerdo de la comunidad de propietarios<\/li>\n<li style=\"text-align: justify;\">Las obras no podr\u00e1n iniciarse antes de obtener el<strong> informe t\u00e9cnico inicial<\/strong> que se entregar\u00e1 despu\u00e9s de haberse formalizado la solicitud de inscripci\u00f3n.\u00a0<\/li>\n<li style=\"text-align: justify;\">Aportar el comunicado de inicio de obras o la Licencia de obras; iniciar las obras dentro de los 3 meses despu\u00e9s de la emisi\u00f3n del informe t\u00e9cnico inicial.\u00a0<\/li>\n<\/ul>\n","protected":false},"excerpt":{"rendered":"<p>Convocatoria 2014: Prorrogada la convocatoria al 2015 Publicaci\u00f3n de la convocatoria en el BOPB del 11 de julio de 2.014. Presentaci\u00f3n de solicitudes:\u00a0del 12 de julio de 2014 hasta el 31 de diciembre de 2015, incluidos El Consorci de l&#8217;Habitatge de Barcelona establece un programa de ayudas econ\u00f3micas para la rehabilitaci\u00f3n de los edificios de&#8230;<a href=\"http:\/\/www.fincasmoles.com\/en\/noticia-3\/\" class=\"epl-more-link\">Read More&rarr;<\/a><\/p>\n","protected":false},"author":2,"featured_media":1164,"comment_status":"open","ping_status":"open","sticky":false,"template":"","format":"standard","meta":[],"categories":[83],"tags":[],"yoast_head":"<!-- This site is optimized with the Yoast SEO plugin v19.9 - https:\/\/yoast.com\/wordpress\/plugins\/seo\/ -->\n<title>SUBVENCI\u00d3N A LA REHABILITACI\u00d3N - Fincas Moles<\/title>\n<meta name=\"robots\" content=\"index, follow, max-snippet:-1, max-image-preview:large, max-video-preview:-1\" \/>\n<link rel=\"canonical\" href=\"http:\/\/www.fincasmoles.com\/en\/noticia-3\/\" \/>\n<meta property=\"og:locale\" content=\"en_US\" \/>\n<meta property=\"og:type\" content=\"article\" \/>\n<meta property=\"og:title\" content=\"SUBVENCI\u00d3N A LA REHABILITACI\u00d3N - Fincas Moles\" \/>\n<meta property=\"og:description\" content=\"Convocatoria 2014: Prorrogada la convocatoria al 2015 Publicaci\u00f3n de la convocatoria en el BOPB del 11 de julio de 2.014. Presentaci\u00f3n de solicitudes:\u00a0del 12 de julio de 2014 hasta el 31 de diciembre de 2015, incluidos El Consorci de l&#8217;Habitatge de Barcelona establece un programa de ayudas econ\u00f3micas para la rehabilitaci\u00f3n de los edificios de...Read More&rarr;\" \/>\n<meta property=\"og:url\" content=\"http:\/\/www.fincasmoles.com\/en\/noticia-3\/\" \/>\n<meta property=\"og:site_name\" content=\"Fincas Moles\" \/>\n<meta property=\"article:published_time\" content=\"2015-02-26T09:26:33+00:00\" \/>\n<meta property=\"article:modified_time\" content=\"2017-05-25T07:10:45+00:00\" \/>\n<meta property=\"og:image\" content=\"http:\/\/www.fincasmoles.com\/wp-content\/uploads\/2015\/02\/DSC00115-1.jpg\" \/>\n\t<meta property=\"og:image:width\" content=\"640\" \/>\n\t<meta property=\"og:image:height\" content=\"480\" \/>\n\t<meta property=\"og:image:type\" content=\"image\/jpeg\" \/>\n<meta name=\"author\" content=\"Mireia\" \/>\n<meta name=\"twitter:label1\" content=\"Written by\" \/>\n\t<meta name=\"twitter:data1\" content=\"Mireia\" \/>\n\t<meta name=\"twitter:label2\" content=\"Est. reading time\" \/>\n\t<meta name=\"twitter:data2\" content=\"2 minutes\" \/>\n<script type=\"application\/ld+json\" class=\"yoast-schema-graph\">{\"@context\":\"https:\/\/schema.org\",\"@graph\":[{\"@type\":\"WebPage\",\"@id\":\"http:\/\/www.fincasmoles.com\/en\/noticia-3\/\",\"url\":\"http:\/\/www.fincasmoles.com\/en\/noticia-3\/\",\"name\":\"SUBVENCI\u00d3N A LA REHABILITACI\u00d3N - Fincas Moles\",\"isPartOf\":{\"@id\":\"https:\/\/www.fincasmoles.com\/en\/#website\"},\"datePublished\":\"2015-02-26T09:26:33+00:00\",\"dateModified\":\"2017-05-25T07:10:45+00:00\",\"author\":{\"@id\":\"https:\/\/www.fincasmoles.com\/en\/#\/schema\/person\/c30e37de0333e50f8388f11cc736096b\"},\"breadcrumb\":{\"@id\":\"http:\/\/www.fincasmoles.com\/en\/noticia-3\/#breadcrumb\"},\"inLanguage\":\"en-US\",\"potentialAction\":[{\"@type\":\"ReadAction\",\"target\":[\"http:\/\/www.fincasmoles.com\/en\/noticia-3\/\"]}]},{\"@type\":\"BreadcrumbList\",\"@id\":\"http:\/\/www.fincasmoles.com\/en\/noticia-3\/#breadcrumb\",\"itemListElement\":[{\"@type\":\"ListItem\",\"position\":1,\"name\":\"Portada\",\"item\":\"http:\/\/www.fincasmoles.com\/en\/\"},{\"@type\":\"ListItem\",\"position\":2,\"name\":\"SUBVENCI\u00d3N A LA REHABILITACI\u00d3N\"}]},{\"@type\":\"WebSite\",\"@id\":\"https:\/\/www.fincasmoles.com\/en\/#website\",\"url\":\"https:\/\/www.fincasmoles.com\/en\/\",\"name\":\"Fincas Moles\",\"description\":\"Moles\",\"potentialAction\":[{\"@type\":\"SearchAction\",\"target\":{\"@type\":\"EntryPoint\",\"urlTemplate\":\"https:\/\/www.fincasmoles.com\/en\/?s={search_term_string}\"},\"query-input\":\"required name=search_term_string\"}],\"inLanguage\":\"en-US\"},{\"@type\":\"Person\",\"@id\":\"https:\/\/www.fincasmoles.com\/en\/#\/schema\/person\/c30e37de0333e50f8388f11cc736096b\",\"name\":\"Mireia\",\"image\":{\"@type\":\"ImageObject\",\"inLanguage\":\"en-US\",\"@id\":\"https:\/\/www.fincasmoles.com\/en\/#\/schema\/person\/image\/\",\"url\":\"http:\/\/0.gravatar.com\/avatar\/90aa618f615b88643b6a76371205e47f?s=96&d=blank&r=g\",\"contentUrl\":\"http:\/\/0.gravatar.com\/avatar\/90aa618f615b88643b6a76371205e47f?s=96&d=blank&r=g\",\"caption\":\"Mireia\"},\"url\":\"http:\/\/www.fincasmoles.com\/en\/author\/mireia\/\"}]}<\/script>\n<!-- \/ Yoast SEO plugin. -->","yoast_head_json":{"title":"SUBVENCI\u00d3N A LA REHABILITACI\u00d3N - Fincas Moles","robots":{"index":"index","follow":"follow","max-snippet":"max-snippet:-1","max-image-preview":"max-image-preview:large","max-video-preview":"max-video-preview:-1"},"canonical":"http:\/\/www.fincasmoles.com\/en\/noticia-3\/","og_locale":"en_US","og_type":"article","og_title":"SUBVENCI\u00d3N A LA REHABILITACI\u00d3N - Fincas Moles","og_description":"Convocatoria 2014: Prorrogada la convocatoria al 2015 Publicaci\u00f3n de la convocatoria en el BOPB del 11 de julio de 2.014. Presentaci\u00f3n de solicitudes:\u00a0del 12 de julio de 2014 hasta el 31 de diciembre de 2015, incluidos El Consorci de l&#8217;Habitatge de Barcelona establece un programa de ayudas econ\u00f3micas para la rehabilitaci\u00f3n de los edificios de...Read More&rarr;","og_url":"http:\/\/www.fincasmoles.com\/en\/noticia-3\/","og_site_name":"Fincas Moles","article_published_time":"2015-02-26T09:26:33+00:00","article_modified_time":"2017-05-25T07:10:45+00:00","og_image":[{"width":640,"height":480,"url":"http:\/\/www.fincasmoles.com\/wp-content\/uploads\/2015\/02\/DSC00115-1.jpg","type":"image\/jpeg"}],"author":"Mireia","twitter_misc":{"Written by":"Mireia","Est. reading time":"2 minutes"},"schema":{"@context":"https:\/\/schema.org","@graph":[{"@type":"WebPage","@id":"http:\/\/www.fincasmoles.com\/en\/noticia-3\/","url":"http:\/\/www.fincasmoles.com\/en\/noticia-3\/","name":"SUBVENCI\u00d3N A LA REHABILITACI\u00d3N - Fincas Moles","isPartOf":{"@id":"https:\/\/www.fincasmoles.com\/en\/#website"},"datePublished":"2015-02-26T09:26:33+00:00","dateModified":"2017-05-25T07:10:45+00:00","author":{"@id":"https:\/\/www.fincasmoles.com\/en\/#\/schema\/person\/c30e37de0333e50f8388f11cc736096b"},"breadcrumb":{"@id":"http:\/\/www.fincasmoles.com\/en\/noticia-3\/#breadcrumb"},"inLanguage":"en-US","potentialAction":[{"@type":"ReadAction","target":["http:\/\/www.fincasmoles.com\/en\/noticia-3\/"]}]},{"@type":"BreadcrumbList","@id":"http:\/\/www.fincasmoles.com\/en\/noticia-3\/#breadcrumb","itemListElement":[{"@type":"ListItem","position":1,"name":"Portada","item":"http:\/\/www.fincasmoles.com\/en\/"},{"@type":"ListItem","position":2,"name":"SUBVENCI\u00d3N A LA REHABILITACI\u00d3N"}]},{"@type":"WebSite","@id":"https:\/\/www.fincasmoles.com\/en\/#website","url":"https:\/\/www.fincasmoles.com\/en\/","name":"Fincas Moles","description":"Moles","potentialAction":[{"@type":"SearchAction","target":{"@type":"EntryPoint","urlTemplate":"https:\/\/www.fincasmoles.com\/en\/?s={search_term_string}"},"query-input":"required name=search_term_string"}],"inLanguage":"en-US"},{"@type":"Person","@id":"https:\/\/www.fincasmoles.com\/en\/#\/schema\/person\/c30e37de0333e50f8388f11cc736096b","name":"Mireia","image":{"@type":"ImageObject","inLanguage":"en-US","@id":"https:\/\/www.fincasmoles.com\/en\/#\/schema\/person\/image\/","url":"http:\/\/0.gravatar.com\/avatar\/90aa618f615b88643b6a76371205e47f?s=96&d=blank&r=g","contentUrl":"http:\/\/0.gravatar.com\/avatar\/90aa618f615b88643b6a76371205e47f?s=96&d=blank&r=g","caption":"Mireia"},"url":"http:\/\/www.fincasmoles.com\/en\/author\/mireia\/"}]}},"_links":{"self":[{"href":"http:\/\/www.fincasmoles.com\/en\/wp-json\/wp\/v2\/posts\/993"}],"collection":[{"href":"http:\/\/www.fincasmoles.com\/en\/wp-json\/wp\/v2\/posts"}],"about":[{"href":"http:\/\/www.fincasmoles.com\/en\/wp-json\/wp\/v2\/types\/post"}],"author":[{"embeddable":true,"href":"http:\/\/www.fincasmoles.com\/en\/wp-json\/wp\/v2\/users\/2"}],"replies":[{"embeddable":true,"href":"http:\/\/www.fincasmoles.com\/en\/wp-json\/wp\/v2\/comments?post=993"}],"version-history":[{"count":0,"href":"http:\/\/www.fincasmoles.com\/en\/wp-json\/wp\/v2\/posts\/993\/revisions"}],"wp:featuredmedia":[{"embeddable":true,"href":"http:\/\/www.fincasmoles.com\/en\/wp-json\/wp\/v2\/media\/1164"}],"wp:attachment":[{"href":"http:\/\/www.fincasmoles.com\/en\/wp-json\/wp\/v2\/media?parent=993"}],"wp:term":[{"taxonomy":"category","embeddable":true,"href":"http:\/\/www.fincasmoles.com\/en\/wp-json\/wp\/v2\/categories?post=993"},{"taxonomy":"post_tag","embeddable":true,"href":"http:\/\/www.fincasmoles.com\/en\/wp-json\/wp\/v2\/tags?post=993"}],"curies":[{"name":"wp","href":"https:\/\/api.w.org\/{rel}","templated":true}]}}