{"id":1176,"date":"2014-09-10T08:51:04","date_gmt":"2014-09-10T08:51:04","guid":{"rendered":"http:\/\/www.pruebas.promocion3d.com\/inicio-2\/"},"modified":"2017-05-25T07:17:04","modified_gmt":"2017-05-25T07:17:04","slug":"inicio","status":"publish","type":"post","link":"http:\/\/www.fincasmoles.com\/ca\/inicio\/","title":{"rendered":"Encara no disposa del CERTIFICAT D&#8217;EFICI\u00c8NCIA ENERG\u00c8TICA?"},"content":{"rendered":"<p style=\"text-align: justify;\"><strong>Des de el passat 1 de Juny 2.013 \u00e9s obligatori facilitar als compradors o llogaters un certificat d&#8217;efici\u00e8ncia energ\u00e8tica.\u00a0\u00a0<\/strong><\/p>\n<p style=\"text-align: justify;\"><em><u>Real Decret 235\/2013<\/u><\/em><em>, de 5 d&#8217;abril, pel que s&#8217;aproba el procediment b\u00e0sic per la certificaci\u00f3 de l&#8217;efici\u00e8ncia energ\u00e8tica dels edificis.\u00a0<\/em><\/p>\n<p style=\"text-align: justify;\">El Certificat, a part de portar una calificaci\u00f3 energ\u00e8tica de l&#8217;edifici, ha d&#8217;incloure la informaci\u00f3 objectiva sobre l&#8217;efici\u00e8ncia energ\u00e8tica i valors de refer\u00e8ncia tals com requisits m\u00ednims d&#8217;efici\u00e8ncia energ\u00e8tica amb la finalitat que els propietaris o llogaters d&#8217;edificis o part d&#8217;aquest puguin comparar i evaluar la seva efici\u00e8ncia energ\u00e8tica. En el cas d&#8217;edificis existents hauran de dur tamb\u00e9 les recomanacions per la millora dels nivells \u00f2ptims.<\/p>\n<p style=\"text-align: justify;\">Tant en el cas d&#8217;una <strong>VENDA<\/strong> com d&#8217;un <strong>LLOGUER<\/strong> \u00a0\u00e9s ja un document imprescindible que haur\u00e0 d&#8217;entregar al comprador o llogater. En el cas d&#8217;una compravenda el Notari ho exigir\u00e0 en el moment de la signtarura de l&#8217;Escriptura P\u00fablica, i en el cas d&#8217;un lloguer, a m\u00e9s de ser necessari per poder anunciar-lo, ser\u00e0 necessari per registrar la fian\u00e7a obligat\u00f2ria e l&#8217;INCAS\u00d4L.<\/p>\n<p style=\"text-align: justify;\">\u00a0<\/p>\n<p style=\"text-align: center;\"><span style=\"font-family: 'arial black', sans-serif;\">En el cas que no disposi del document esmenat nosaltres li podem facilitar la gesti\u00f3 i tramitaci\u00f3 per un preu econ\u00f2mic. El nostre departament t\u00e8cnic s&#8217;ocupar\u00e0 de tot.\u00a0<\/span><\/p>\n<p>&nbsp;<\/p>\n<p>&nbsp;<\/p>\n","protected":false},"excerpt":{"rendered":"<p>Des de el passat 1 de Juny 2.013 \u00e9s obligatori facilitar als compradors o llogaters un certificat d&#8217;efici\u00e8ncia energ\u00e8tica.\u00a0\u00a0 Real Decret 235\/2013, de 5 d&#8217;abril, pel que s&#8217;aproba el procediment b\u00e0sic per la certificaci\u00f3 de l&#8217;efici\u00e8ncia energ\u00e8tica dels edificis.\u00a0 El Certificat, a part de portar una calificaci\u00f3 energ\u00e8tica de l&#8217;edifici, ha d&#8217;incloure la informaci\u00f3 objectiva&#8230;<a href=\"http:\/\/www.fincasmoles.com\/ca\/inicio\/\" class=\"epl-more-link\">Llegir m\u00e9s&rarr;<\/a><\/p>\n","protected":false},"author":2,"featured_media":1099,"comment_status":"open","ping_status":"open","sticky":false,"template":"","format":"standard","meta":[],"categories":[82],"tags":[],"yoast_head":"<!-- This site is optimized with the Yoast SEO plugin v19.9 - https:\/\/yoast.com\/wordpress\/plugins\/seo\/ -->\n<title>Encara no disposa del CERTIFICAT D&#039;EFICI\u00c8NCIA ENERG\u00c8TICA? - Fincas Moles<\/title>\n<meta name=\"robots\" content=\"index, follow, max-snippet:-1, max-image-preview:large, max-video-preview:-1\" \/>\n<link rel=\"canonical\" href=\"http:\/\/www.fincasmoles.com\/ca\/inicio\/\" \/>\n<meta property=\"og:locale\" content=\"ca_ES\" \/>\n<meta property=\"og:type\" content=\"article\" \/>\n<meta property=\"og:title\" content=\"Encara no disposa del CERTIFICAT D&#039;EFICI\u00c8NCIA ENERG\u00c8TICA? - Fincas Moles\" \/>\n<meta property=\"og:description\" content=\"Des de el passat 1 de Juny 2.013 \u00e9s obligatori facilitar als compradors o llogaters un certificat d&#8217;efici\u00e8ncia energ\u00e8tica.\u00a0\u00a0 Real Decret 235\/2013, de 5 d&#8217;abril, pel que s&#8217;aproba el procediment b\u00e0sic per la certificaci\u00f3 de l&#8217;efici\u00e8ncia energ\u00e8tica dels edificis.\u00a0 El Certificat, a part de portar una calificaci\u00f3 energ\u00e8tica de l&#8217;edifici, ha d&#8217;incloure la informaci\u00f3 objectiva...Llegir m\u00e9s&rarr;\" \/>\n<meta property=\"og:url\" content=\"http:\/\/www.fincasmoles.com\/ca\/inicio\/\" \/>\n<meta property=\"og:site_name\" content=\"Fincas Moles\" \/>\n<meta property=\"article:published_time\" content=\"2014-09-10T08:51:04+00:00\" \/>\n<meta property=\"article:modified_time\" content=\"2017-05-25T07:17:04+00:00\" \/>\n<meta property=\"og:image\" content=\"http:\/\/www.fincasmoles.com\/wp-content\/uploads\/2014\/09\/cee.jpg\" \/>\n\t<meta property=\"og:image:width\" content=\"254\" \/>\n\t<meta property=\"og:image:height\" content=\"198\" \/>\n\t<meta property=\"og:image:type\" content=\"image\/jpeg\" \/>\n<meta name=\"author\" content=\"Mireia\" \/>\n<meta name=\"twitter:label1\" content=\"Escrit per\" \/>\n\t<meta name=\"twitter:data1\" content=\"Mireia\" \/>\n\t<meta name=\"twitter:label2\" content=\"Temps estimat de lectura\" \/>\n\t<meta name=\"twitter:data2\" content=\"1 minut\" \/>\n<script type=\"application\/ld+json\" class=\"yoast-schema-graph\">{\"@context\":\"https:\/\/schema.org\",\"@graph\":[{\"@type\":\"WebPage\",\"@id\":\"http:\/\/www.fincasmoles.com\/ca\/inicio\/\",\"url\":\"http:\/\/www.fincasmoles.com\/ca\/inicio\/\",\"name\":\"Encara no disposa del CERTIFICAT D'EFICI\u00c8NCIA ENERG\u00c8TICA? - Fincas Moles\",\"isPartOf\":{\"@id\":\"https:\/\/www.fincasmoles.com\/en\/#website\"},\"datePublished\":\"2014-09-10T08:51:04+00:00\",\"dateModified\":\"2017-05-25T07:17:04+00:00\",\"author\":{\"@id\":\"https:\/\/www.fincasmoles.com\/en\/#\/schema\/person\/c30e37de0333e50f8388f11cc736096b\"},\"breadcrumb\":{\"@id\":\"http:\/\/www.fincasmoles.com\/ca\/inicio\/#breadcrumb\"},\"inLanguage\":\"ca\",\"potentialAction\":[{\"@type\":\"ReadAction\",\"target\":[\"http:\/\/www.fincasmoles.com\/ca\/inicio\/\"]}]},{\"@type\":\"BreadcrumbList\",\"@id\":\"http:\/\/www.fincasmoles.com\/ca\/inicio\/#breadcrumb\",\"itemListElement\":[{\"@type\":\"ListItem\",\"position\":1,\"name\":\"Portada\",\"item\":\"http:\/\/www.fincasmoles.com\/ca\/\"},{\"@type\":\"ListItem\",\"position\":2,\"name\":\"Encara no disposa del CERTIFICAT D&#8217;EFICI\u00c8NCIA ENERG\u00c8TICA?\"}]},{\"@type\":\"WebSite\",\"@id\":\"https:\/\/www.fincasmoles.com\/en\/#website\",\"url\":\"https:\/\/www.fincasmoles.com\/en\/\",\"name\":\"Fincas Moles\",\"description\":\"Moles\",\"potentialAction\":[{\"@type\":\"SearchAction\",\"target\":{\"@type\":\"EntryPoint\",\"urlTemplate\":\"https:\/\/www.fincasmoles.com\/en\/?s={search_term_string}\"},\"query-input\":\"required name=search_term_string\"}],\"inLanguage\":\"ca\"},{\"@type\":\"Person\",\"@id\":\"https:\/\/www.fincasmoles.com\/en\/#\/schema\/person\/c30e37de0333e50f8388f11cc736096b\",\"name\":\"Mireia\",\"image\":{\"@type\":\"ImageObject\",\"inLanguage\":\"ca\",\"@id\":\"https:\/\/www.fincasmoles.com\/en\/#\/schema\/person\/image\/\",\"url\":\"http:\/\/0.gravatar.com\/avatar\/90aa618f615b88643b6a76371205e47f?s=96&d=blank&r=g\",\"contentUrl\":\"http:\/\/0.gravatar.com\/avatar\/90aa618f615b88643b6a76371205e47f?s=96&d=blank&r=g\",\"caption\":\"Mireia\"},\"url\":\"http:\/\/www.fincasmoles.com\/ca\/author\/mireia\/\"}]}<\/script>\n<!-- \/ Yoast SEO plugin. -->","yoast_head_json":{"title":"Encara no disposa del CERTIFICAT D'EFICI\u00c8NCIA ENERG\u00c8TICA? - Fincas Moles","robots":{"index":"index","follow":"follow","max-snippet":"max-snippet:-1","max-image-preview":"max-image-preview:large","max-video-preview":"max-video-preview:-1"},"canonical":"http:\/\/www.fincasmoles.com\/ca\/inicio\/","og_locale":"ca_ES","og_type":"article","og_title":"Encara no disposa del CERTIFICAT D'EFICI\u00c8NCIA ENERG\u00c8TICA? - Fincas Moles","og_description":"Des de el passat 1 de Juny 2.013 \u00e9s obligatori facilitar als compradors o llogaters un certificat d&#8217;efici\u00e8ncia energ\u00e8tica.\u00a0\u00a0 Real Decret 235\/2013, de 5 d&#8217;abril, pel que s&#8217;aproba el procediment b\u00e0sic per la certificaci\u00f3 de l&#8217;efici\u00e8ncia energ\u00e8tica dels edificis.\u00a0 El Certificat, a part de portar una calificaci\u00f3 energ\u00e8tica de l&#8217;edifici, ha d&#8217;incloure la informaci\u00f3 objectiva...Llegir m\u00e9s&rarr;","og_url":"http:\/\/www.fincasmoles.com\/ca\/inicio\/","og_site_name":"Fincas Moles","article_published_time":"2014-09-10T08:51:04+00:00","article_modified_time":"2017-05-25T07:17:04+00:00","og_image":[{"width":254,"height":198,"url":"http:\/\/www.fincasmoles.com\/wp-content\/uploads\/2014\/09\/cee.jpg","type":"image\/jpeg"}],"author":"Mireia","twitter_misc":{"Escrit per":"Mireia","Temps estimat de lectura":"1 minut"},"schema":{"@context":"https:\/\/schema.org","@graph":[{"@type":"WebPage","@id":"http:\/\/www.fincasmoles.com\/ca\/inicio\/","url":"http:\/\/www.fincasmoles.com\/ca\/inicio\/","name":"Encara no disposa del CERTIFICAT D'EFICI\u00c8NCIA ENERG\u00c8TICA? - Fincas Moles","isPartOf":{"@id":"https:\/\/www.fincasmoles.com\/en\/#website"},"datePublished":"2014-09-10T08:51:04+00:00","dateModified":"2017-05-25T07:17:04+00:00","author":{"@id":"https:\/\/www.fincasmoles.com\/en\/#\/schema\/person\/c30e37de0333e50f8388f11cc736096b"},"breadcrumb":{"@id":"http:\/\/www.fincasmoles.com\/ca\/inicio\/#breadcrumb"},"inLanguage":"ca","potentialAction":[{"@type":"ReadAction","target":["http:\/\/www.fincasmoles.com\/ca\/inicio\/"]}]},{"@type":"BreadcrumbList","@id":"http:\/\/www.fincasmoles.com\/ca\/inicio\/#breadcrumb","itemListElement":[{"@type":"ListItem","position":1,"name":"Portada","item":"http:\/\/www.fincasmoles.com\/ca\/"},{"@type":"ListItem","position":2,"name":"Encara no disposa del CERTIFICAT D&#8217;EFICI\u00c8NCIA ENERG\u00c8TICA?"}]},{"@type":"WebSite","@id":"https:\/\/www.fincasmoles.com\/en\/#website","url":"https:\/\/www.fincasmoles.com\/en\/","name":"Fincas Moles","description":"Moles","potentialAction":[{"@type":"SearchAction","target":{"@type":"EntryPoint","urlTemplate":"https:\/\/www.fincasmoles.com\/en\/?s={search_term_string}"},"query-input":"required name=search_term_string"}],"inLanguage":"ca"},{"@type":"Person","@id":"https:\/\/www.fincasmoles.com\/en\/#\/schema\/person\/c30e37de0333e50f8388f11cc736096b","name":"Mireia","image":{"@type":"ImageObject","inLanguage":"ca","@id":"https:\/\/www.fincasmoles.com\/en\/#\/schema\/person\/image\/","url":"http:\/\/0.gravatar.com\/avatar\/90aa618f615b88643b6a76371205e47f?s=96&d=blank&r=g","contentUrl":"http:\/\/0.gravatar.com\/avatar\/90aa618f615b88643b6a76371205e47f?s=96&d=blank&r=g","caption":"Mireia"},"url":"http:\/\/www.fincasmoles.com\/ca\/author\/mireia\/"}]}},"_links":{"self":[{"href":"http:\/\/www.fincasmoles.com\/ca\/wp-json\/wp\/v2\/posts\/1176"}],"collection":[{"href":"http:\/\/www.fincasmoles.com\/ca\/wp-json\/wp\/v2\/posts"}],"about":[{"href":"http:\/\/www.fincasmoles.com\/ca\/wp-json\/wp\/v2\/types\/post"}],"author":[{"embeddable":true,"href":"http:\/\/www.fincasmoles.com\/ca\/wp-json\/wp\/v2\/users\/2"}],"replies":[{"embeddable":true,"href":"http:\/\/www.fincasmoles.com\/ca\/wp-json\/wp\/v2\/comments?post=1176"}],"version-history":[{"count":0,"href":"http:\/\/www.fincasmoles.com\/ca\/wp-json\/wp\/v2\/posts\/1176\/revisions"}],"wp:featuredmedia":[{"embeddable":true,"href":"http:\/\/www.fincasmoles.com\/ca\/wp-json\/wp\/v2\/media\/1099"}],"wp:attachment":[{"href":"http:\/\/www.fincasmoles.com\/ca\/wp-json\/wp\/v2\/media?parent=1176"}],"wp:term":[{"taxonomy":"category","embeddable":true,"href":"http:\/\/www.fincasmoles.com\/ca\/wp-json\/wp\/v2\/categories?post=1176"},{"taxonomy":"post_tag","embeddable":true,"href":"http:\/\/www.fincasmoles.com\/ca\/wp-json\/wp\/v2\/tags?post=1176"}],"curies":[{"name":"wp","href":"https:\/\/api.w.org\/{rel}","templated":true}]}}